{"id":428,"date":"2016-10-28T05:55:15","date_gmt":"2016-10-28T05:55:15","guid":{"rendered":"http:\/\/cardor.cl\/ecografias\/?p=428"},"modified":"2016-10-28T06:15:41","modified_gmt":"2016-10-28T06:15:41","slug":"dolor-de-cabeza-durante-el-embarazo","status":"publish","type":"post","link":"https:\/\/cardor.cl\/ecografias\/dolor-de-cabeza-durante-el-embarazo\/","title":{"rendered":"Dolor de cabeza durante el embarazo"},"content":{"rendered":"<p><strong>\u00bfSon normales los dolores de cabeza?<\/strong><\/p>\n<p>La cefalea o dolor de cabeza es un s\u00edntoma bastante frecuente durante el embarazo.<!--more--> Puede aparecer en una mujer que nunca lo padeci\u00f3 anteriormente o empeorar en mujeres que ya los padec\u00edan anteriormente. Es m\u00e1s frecuente en el primer trimestre, pero puede aparecer en cualquier momento a lo largo del embarazo. Como siempre, no es motivo de preocupaci\u00f3n mientras no sea muy intenso o se acompa\u00f1e de otros s\u00edntomas como alteraciones visuales (centelleos), mareos o v\u00f3mitos.<\/p>\n<p><strong>\u00bfCu\u00e1les son las causas del dolor de cabeza?<\/strong><\/p>\n<p>Las causas del dolor de cabeza pueden ser diversas, siendo la m\u00e1s frecuente la <strong>cefalea tensional<\/strong> que puede empeorar al aumentar la ansiedad por el embarazo o por cambios posturales en la espalda causados por la gestaci\u00f3n. Tambi\u00e9n hay que tener en cuenta que durante el embarazo los niveles de estr\u00f3geno y progesterona se incrementan, lo que conduce a una congesti\u00f3n sangu\u00ednea y vasodilataci\u00f3n que frecuentemente empeora una cefalea preexistente. La disminuci\u00f3n de la glucosa sangu\u00ednea y las bajadas de tensi\u00f3n arterial propias del embarazo pueden acentuar el problema, sobretodo en \u00e9pocas de calor.<\/p>\n<p><strong>\u00bfC\u00f3mo se debe tratar?<\/strong><\/p>\n<p>La cefalea no es casi nunca motivo de urgencia, pero l\u00f3gicamente debe consultarse con el m\u00e9dico en la siguiente visita programada. En cualquier caso, un episodio de cefalea puede aliviarse haciendo reposo (lo mejor es <span style=\"color: #ff0000;\">recostarse a oscuras en dec\u00fabito lateral izquierdo<\/span>), colocando pa\u00f1os fr\u00edos sobre la frente y masajeando el entrecejo y las sienes con leves compresiones sostenidas con los dedos \u00edndices.<\/p>\n<p>Si a pesar de todo, el dolor persiste, en algunos casos la cefalea requiere tratamiento. En este caso, el m\u00e9dico prescribir\u00e1 el mejor tratamiento a seguir.<\/p>\n<p><img decoding=\"async\" loading=\"lazy\" class=\"aligncenter wp-image-436 size-full\" src=\"http:\/\/cardor.cl\/ecografias\/wp-content\/uploads\/2016\/10\/Dolor-de-cabeza-en-el-embarazo-causas-y-remedios_2.jpg\" width=\"600\" height=\"400\" srcset=\"https:\/\/cardor.cl\/ecografias\/wp-content\/uploads\/2016\/10\/Dolor-de-cabeza-en-el-embarazo-causas-y-remedios_2.jpg 600w, https:\/\/cardor.cl\/ecografias\/wp-content\/uploads\/2016\/10\/Dolor-de-cabeza-en-el-embarazo-causas-y-remedios_2-300x200.jpg 300w\" sizes=\"(max-width: 600px) 100vw, 600px\" \/><\/p>\n","protected":false},"excerpt":{"rendered":"<p>\u00bfSon normales los dolores de cabeza? La cefalea o dolor de cabeza es un s\u00edntoma bastante frecuente durante el embarazo.<\/p>\n","protected":false},"author":2,"featured_media":436,"comment_status":"open","ping_status":"open","sticky":false,"template":"","format":"standard","meta":{"_joinchat":[]},"categories":[14],"tags":[],"_links":{"self":[{"href":"https:\/\/cardor.cl\/ecografias\/wp-json\/wp\/v2\/posts\/428"}],"collection":[{"href":"https:\/\/cardor.cl\/ecografias\/wp-json\/wp\/v2\/posts"}],"about":[{"href":"https:\/\/cardor.cl\/ecografias\/wp-json\/wp\/v2\/types\/post"}],"author":[{"embeddable":true,"href":"https:\/\/cardor.cl\/ecografias\/wp-json\/wp\/v2\/users\/2"}],"replies":[{"embeddable":true,"href":"https:\/\/cardor.cl\/ecografias\/wp-json\/wp\/v2\/comments?post=428"}],"version-history":[{"count":3,"href":"https:\/\/cardor.cl\/ecografias\/wp-json\/wp\/v2\/posts\/428\/revisions"}],"predecessor-version":[{"id":471,"href":"https:\/\/cardor.cl\/ecografias\/wp-json\/wp\/v2\/posts\/428\/revisions\/471"}],"wp:featuredmedia":[{"embeddable":true,"href":"https:\/\/cardor.cl\/ecografias\/wp-json\/wp\/v2\/media\/436"}],"wp:attachment":[{"href":"https:\/\/cardor.cl\/ecografias\/wp-json\/wp\/v2\/media?parent=428"}],"wp:term":[{"taxonomy":"category","embeddable":true,"href":"https:\/\/cardor.cl\/ecografias\/wp-json\/wp\/v2\/categories?post=428"},{"taxonomy":"post_tag","embeddable":true,"href":"https:\/\/cardor.cl\/ecografias\/wp-json\/wp\/v2\/tags?post=428"}],"curies":[{"name":"wp","href":"https:\/\/api.w.org\/{rel}","templated":true}]}}