{"id":228,"date":"2016-08-04T19:14:51","date_gmt":"2016-08-04T19:14:51","guid":{"rendered":"http:\/\/cardor.cl\/ecografias\/?p=228"},"modified":"2016-08-04T19:14:51","modified_gmt":"2016-08-04T19:14:51","slug":"puedo-saber-que-dia-embarace","status":"publish","type":"post","link":"https:\/\/cardor.cl\/ecografias\/puedo-saber-que-dia-embarace\/","title":{"rendered":"\u00bfPuedo saber qu\u00e9 d\u00eda embarac\u00e9?"},"content":{"rendered":"<p>Con una fecha de \u00faltima menstruaci\u00f3n segura es m\u00e1s confiable poder saber la fecha probable de la concepci\u00f3n.<br \/>\nEn una ecograf\u00eda precoz, en las primeras 10 semanas de embarazo, al medir el embri\u00f3n, se puede calcular la fecha de concepci\u00f3n con 4 d\u00edas m\u00e1s menos de seguridad.<\/p>\n","protected":false},"excerpt":{"rendered":"<p>Con una fecha de \u00faltima menstruaci\u00f3n segura es m\u00e1s confiable poder saber la fecha probable de la concepci\u00f3n. En una ecograf\u00eda precoz, en las primeras 10 semanas de embarazo, al medir el embri\u00f3n, se puede calcular la fecha de concepci\u00f3n con 4 d\u00edas m\u00e1s menos de seguridad.<\/p>\n","protected":false},"author":2,"featured_media":229,"comment_status":"open","ping_status":"open","sticky":false,"template":"","format":"standard","meta":{"_joinchat":[]},"categories":[14],"tags":[],"_links":{"self":[{"href":"https:\/\/cardor.cl\/ecografias\/wp-json\/wp\/v2\/posts\/228"}],"collection":[{"href":"https:\/\/cardor.cl\/ecografias\/wp-json\/wp\/v2\/posts"}],"about":[{"href":"https:\/\/cardor.cl\/ecografias\/wp-json\/wp\/v2\/types\/post"}],"author":[{"embeddable":true,"href":"https:\/\/cardor.cl\/ecografias\/wp-json\/wp\/v2\/users\/2"}],"replies":[{"embeddable":true,"href":"https:\/\/cardor.cl\/ecografias\/wp-json\/wp\/v2\/comments?post=228"}],"version-history":[{"count":1,"href":"https:\/\/cardor.cl\/ecografias\/wp-json\/wp\/v2\/posts\/228\/revisions"}],"predecessor-version":[{"id":230,"href":"https:\/\/cardor.cl\/ecografias\/wp-json\/wp\/v2\/posts\/228\/revisions\/230"}],"wp:featuredmedia":[{"embeddable":true,"href":"https:\/\/cardor.cl\/ecografias\/wp-json\/wp\/v2\/media\/229"}],"wp:attachment":[{"href":"https:\/\/cardor.cl\/ecografias\/wp-json\/wp\/v2\/media?parent=228"}],"wp:term":[{"taxonomy":"category","embeddable":true,"href":"https:\/\/cardor.cl\/ecografias\/wp-json\/wp\/v2\/categories?post=228"},{"taxonomy":"post_tag","embeddable":true,"href":"https:\/\/cardor.cl\/ecografias\/wp-json\/wp\/v2\/tags?post=228"}],"curies":[{"name":"wp","href":"https:\/\/api.w.org\/{rel}","templated":true}]}}