{"id":224,"date":"2016-08-04T19:00:28","date_gmt":"2016-08-04T19:00:28","guid":{"rendered":"http:\/\/cardor.cl\/ecografias\/?p=224"},"modified":"2016-08-04T19:01:29","modified_gmt":"2016-08-04T19:01:29","slug":"siempre-se-puede-ver-nitida-la-cara-del-bebe","status":"publish","type":"post","link":"https:\/\/cardor.cl\/ecografias\/siempre-se-puede-ver-nitida-la-cara-del-bebe\/","title":{"rendered":"\u00bfSiempre se puede ver n\u00edtida la cara del beb\u00e9?"},"content":{"rendered":"<p>Depende de la posici\u00f3n de la guag\u00fcita, cantidad de l\u00edquido amni\u00f3tico, posici\u00f3n de la placenta, peso de la mam\u00e1 (a mayor peso mayor dificultad), <!--more-->edad gestacional (a menor y a mayor tiempo de embarazo mayor dificultad), etc. Es decir, no en todas las pacientes se va a lograr una buena imagen.<\/p>\n<p>De todas formas, en Centro M\u00e9dico Cardor, en nuestras ecograf\u00edas obst\u00e9tricas se incluye de regalo una imagen 3D del beb\u00e9 siempre cuando se cumplan las condiciones mencionadas.<\/p>\n","protected":false},"excerpt":{"rendered":"<p>Depende de la posici\u00f3n de la guag\u00fcita, cantidad de l\u00edquido amni\u00f3tico, posici\u00f3n de la placenta, peso de la mam\u00e1 (a mayor peso mayor dificultad),<\/p>\n","protected":false},"author":2,"featured_media":225,"comment_status":"open","ping_status":"open","sticky":false,"template":"","format":"standard","meta":{"_joinchat":[]},"categories":[14],"tags":[],"_links":{"self":[{"href":"https:\/\/cardor.cl\/ecografias\/wp-json\/wp\/v2\/posts\/224"}],"collection":[{"href":"https:\/\/cardor.cl\/ecografias\/wp-json\/wp\/v2\/posts"}],"about":[{"href":"https:\/\/cardor.cl\/ecografias\/wp-json\/wp\/v2\/types\/post"}],"author":[{"embeddable":true,"href":"https:\/\/cardor.cl\/ecografias\/wp-json\/wp\/v2\/users\/2"}],"replies":[{"embeddable":true,"href":"https:\/\/cardor.cl\/ecografias\/wp-json\/wp\/v2\/comments?post=224"}],"version-history":[{"count":2,"href":"https:\/\/cardor.cl\/ecografias\/wp-json\/wp\/v2\/posts\/224\/revisions"}],"predecessor-version":[{"id":227,"href":"https:\/\/cardor.cl\/ecografias\/wp-json\/wp\/v2\/posts\/224\/revisions\/227"}],"wp:featuredmedia":[{"embeddable":true,"href":"https:\/\/cardor.cl\/ecografias\/wp-json\/wp\/v2\/media\/225"}],"wp:attachment":[{"href":"https:\/\/cardor.cl\/ecografias\/wp-json\/wp\/v2\/media?parent=224"}],"wp:term":[{"taxonomy":"category","embeddable":true,"href":"https:\/\/cardor.cl\/ecografias\/wp-json\/wp\/v2\/categories?post=224"},{"taxonomy":"post_tag","embeddable":true,"href":"https:\/\/cardor.cl\/ecografias\/wp-json\/wp\/v2\/tags?post=224"}],"curies":[{"name":"wp","href":"https:\/\/api.w.org\/{rel}","templated":true}]}}